{"id":22770,"date":"2025-12-18T15:50:51","date_gmt":"2025-12-18T14:50:51","guid":{"rendered":"https:\/\/ste-therese-doulon.fr\/?p=22770"},"modified":"2025-12-18T16:30:52","modified_gmt":"2025-12-18T15:30:52","slug":"la-celebration-de-lavent-2","status":"publish","type":"post","link":"https:\/\/ste-therese-doulon.fr\/?p=22770","title":{"rendered":"La c\u00e9l\u00e9bration de l&#8217;Avent"},"content":{"rendered":"<p><strong>Samedi 13 d\u00e9cembre<\/strong><\/p>\n<p>&#8220;Bienvenue chez moi, toi que je ne connais pas &#8221;<\/p>\n<p>Cette ann\u00e9e, la c\u00e9l\u00e9bration \u00e9tait sur le th\u00e8me de l&#8217;accueil et de l&#8217;hospitalit\u00e9.<\/p>\n<p>Un beau moment riche de sens et d&#8217;\u00e9motions v\u00e9cue avec l&#8217;ensemble de la communaut\u00e9 \u00e9ducative.<\/p>\n<p>Merci \u00e0 toutes et tous pour votre pr\u00e9sence.<\/p>\nngg_shortcode_0_placeholder\n","protected":false},"excerpt":{"rendered":"<p>Samedi 13 d\u00e9cembre &#8220;Bienvenue chez moi, toi que je ne connais pas &#8221; Cette ann\u00e9e, la c\u00e9l\u00e9bration \u00e9tait sur le th\u00e8me de l&#8217;accueil et de l&#8217;hospitalit\u00e9. Un beau moment riche de sens et d&#8217;\u00e9motions v\u00e9cue avec l&#8217;ensemble de la communaut\u00e9 \u00e9ducative. Merci \u00e0 toutes et tous pour votre pr\u00e9sence.<\/p>\n","protected":false},"author":14,"featured_media":22800,"comment_status":"closed","ping_status":"closed","sticky":false,"template":"","format":"standard","meta":{"ngg_post_thumbnail":0,"footnotes":""},"categories":[8,9,10,18,7,6,5,4],"tags":[],"class_list":["post-22770","post","type-post","status-publish","format-standard","has-post-thumbnail","hentry","category-ce1","category-ce2","category-cm1","category-cm2","category-cp","category-gs","category-ms","category-ps"],"_links":{"self":[{"href":"https:\/\/ste-therese-doulon.fr\/index.php?rest_route=\/wp\/v2\/posts\/22770","targetHints":{"allow":["GET"]}}],"collection":[{"href":"https:\/\/ste-therese-doulon.fr\/index.php?rest_route=\/wp\/v2\/posts"}],"about":[{"href":"https:\/\/ste-therese-doulon.fr\/index.php?rest_route=\/wp\/v2\/types\/post"}],"author":[{"embeddable":true,"href":"https:\/\/ste-therese-doulon.fr\/index.php?rest_route=\/wp\/v2\/users\/14"}],"replies":[{"embeddable":true,"href":"https:\/\/ste-therese-doulon.fr\/index.php?rest_route=%2Fwp%2Fv2%2Fcomments&post=22770"}],"version-history":[{"count":3,"href":"https:\/\/ste-therese-doulon.fr\/index.php?rest_route=\/wp\/v2\/posts\/22770\/revisions"}],"predecessor-version":[{"id":22803,"href":"https:\/\/ste-therese-doulon.fr\/index.php?rest_route=\/wp\/v2\/posts\/22770\/revisions\/22803"}],"wp:featuredmedia":[{"embeddable":true,"href":"https:\/\/ste-therese-doulon.fr\/index.php?rest_route=\/wp\/v2\/media\/22800"}],"wp:attachment":[{"href":"https:\/\/ste-therese-doulon.fr\/index.php?rest_route=%2Fwp%2Fv2%2Fmedia&parent=22770"}],"wp:term":[{"taxonomy":"category","embeddable":true,"href":"https:\/\/ste-therese-doulon.fr\/index.php?rest_route=%2Fwp%2Fv2%2Fcategories&post=22770"},{"taxonomy":"post_tag","embeddable":true,"href":"https:\/\/ste-therese-doulon.fr\/index.php?rest_route=%2Fwp%2Fv2%2Ftags&post=22770"}],"curies":[{"name":"wp","href":"https:\/\/api.w.org\/{rel}","templated":true}]}}