{"id":22499,"date":"2025-10-20T22:01:39","date_gmt":"2025-10-20T20:01:39","guid":{"rendered":"https:\/\/ste-therese-doulon.fr\/?p=22499"},"modified":"2025-10-20T22:01:39","modified_gmt":"2025-10-20T20:01:39","slug":"elections-des-delegues-2025","status":"publish","type":"post","link":"https:\/\/ste-therese-doulon.fr\/?p=22499","title":{"rendered":"Elections des d\u00e9l\u00e9gu\u00e9s 2025"},"content":{"rendered":"<p><strong>Jeudi 16 octobre<\/strong><\/p>\n<p>Apr\u00e8s une semaine de campagne \u00e9lectorale, les classes par bin\u00f4me ont \u00e9lu leurs d\u00e9l\u00e9gu\u00e9s jeudi !<\/p>\n<p>La salle de motricit\u00e9 a \u00e9t\u00e9 transform\u00e9e en bureau de vote avec le vrai mat\u00e9riel pr\u00eat\u00e9 par la mairie.<\/p>\n<p>Voici les r\u00e9sultats :<\/p>\n<p>En PS = D\u00e9l\u00e9gu\u00e9s: Charlotte et Maxence \/ Suppl\u00e9ants: Charlie et Adam<\/p>\n<p>En PS\/MS = D\u00e9l\u00e9gu\u00e9s: Liz et Hugo \/ Suppl\u00e9ants : Jasmine, Valentine et Eloan<\/p>\n<p>En MS\/GS =D\u00e9l\u00e9gu\u00e9s: Enora et Hector \/ Suppl\u00e9ants: Cl\u00e9mence et Gabriel<\/p>\n<p>En GS\/CP = D\u00e9l\u00e9gu\u00e9s : Shaycee, Flavie et L\u00e9on \/ Suppl\u00e9ants: Emma-Dona et Nil<\/p>\n<p>En CP = D\u00e9l\u00e9gu\u00e9s: Constance et Daniel \/ Suppl\u00e9ants: P\u00e9n\u00e9lope et Augustin<\/p>\n<p>En CE A = D\u00e9l\u00e9gu\u00e9s: Apolline et Inzo \/ Suppl\u00e9ants : Sidonie et Gaspard<\/p>\n<p>En CE B = D\u00e9l\u00e9gu\u00e9s: B\u00e9r\u00e9nice et Mathias&nbsp; &nbsp;\/ Suppl\u00e9ants:&nbsp; Hillary et Emile<\/p>\n<p>En CMA = D\u00e9l\u00e9gu\u00e9s: Lucie et Ivan \/ Suppl\u00e9ants: Eug\u00e9nie et Titouan<\/p>\n<p>En CMB = D\u00e9l\u00e9gu\u00e9s: Tha\u00efs et Germain\/ Suppl\u00e9ants: Agathe et Rapha\u00ebl (remplac\u00e9 par Jules)<\/p>\n<p>Ces enfants auront l\u2019honneur et le privil\u00e8ge de repr\u00e9senter leurs camarades lors du 1er conseil d\u2019enfants de l\u2019ann\u00e9e qui se tiendra en novembre.<\/p>\n<p>Bravo \u00e0 tous les candidats !<\/p>\nngg_shortcode_0_placeholder\n","protected":false},"excerpt":{"rendered":"<p>Jeudi 16 octobre Apr\u00e8s une semaine de campagne \u00e9lectorale, les classes par bin\u00f4me ont \u00e9lu leurs d\u00e9l\u00e9gu\u00e9s jeudi ! La salle de motricit\u00e9 a \u00e9t\u00e9 transform\u00e9e en bureau de vote avec le vrai mat\u00e9riel pr\u00eat\u00e9 par la mairie. Voici les r\u00e9sultats : En PS = D\u00e9l\u00e9gu\u00e9s: Charlotte et Maxence \/ Suppl\u00e9ants: Charlie et Adam En<\/p>\n<p><a href=\"https:\/\/ste-therese-doulon.fr\/?p=22499\" class=\"more-link themebutton\">Lire la suite<\/a><\/p>\n","protected":false},"author":14,"featured_media":22565,"comment_status":"closed","ping_status":"closed","sticky":false,"template":"","format":"standard","meta":{"ngg_post_thumbnail":0,"footnotes":""},"categories":[8,9,10,18,7,6,5,4],"tags":[],"class_list":["post-22499","post","type-post","status-publish","format-standard","has-post-thumbnail","hentry","category-ce1","category-ce2","category-cm1","category-cm2","category-cp","category-gs","category-ms","category-ps"],"_links":{"self":[{"href":"https:\/\/ste-therese-doulon.fr\/index.php?rest_route=\/wp\/v2\/posts\/22499","targetHints":{"allow":["GET"]}}],"collection":[{"href":"https:\/\/ste-therese-doulon.fr\/index.php?rest_route=\/wp\/v2\/posts"}],"about":[{"href":"https:\/\/ste-therese-doulon.fr\/index.php?rest_route=\/wp\/v2\/types\/post"}],"author":[{"embeddable":true,"href":"https:\/\/ste-therese-doulon.fr\/index.php?rest_route=\/wp\/v2\/users\/14"}],"replies":[{"embeddable":true,"href":"https:\/\/ste-therese-doulon.fr\/index.php?rest_route=%2Fwp%2Fv2%2Fcomments&post=22499"}],"version-history":[{"count":1,"href":"https:\/\/ste-therese-doulon.fr\/index.php?rest_route=\/wp\/v2\/posts\/22499\/revisions"}],"predecessor-version":[{"id":22566,"href":"https:\/\/ste-therese-doulon.fr\/index.php?rest_route=\/wp\/v2\/posts\/22499\/revisions\/22566"}],"wp:featuredmedia":[{"embeddable":true,"href":"https:\/\/ste-therese-doulon.fr\/index.php?rest_route=\/wp\/v2\/media\/22565"}],"wp:attachment":[{"href":"https:\/\/ste-therese-doulon.fr\/index.php?rest_route=%2Fwp%2Fv2%2Fmedia&parent=22499"}],"wp:term":[{"taxonomy":"category","embeddable":true,"href":"https:\/\/ste-therese-doulon.fr\/index.php?rest_route=%2Fwp%2Fv2%2Fcategories&post=22499"},{"taxonomy":"post_tag","embeddable":true,"href":"https:\/\/ste-therese-doulon.fr\/index.php?rest_route=%2Fwp%2Fv2%2Ftags&post=22499"}],"curies":[{"name":"wp","href":"https:\/\/api.w.org\/{rel}","templated":true}]}}