{"id":12055,"date":"2024-04-22T12:44:30","date_gmt":"2024-04-22T10:44:30","guid":{"rendered":"https:\/\/ste-therese-doulon.fr\/?p=12055"},"modified":"2024-04-22T12:44:35","modified_gmt":"2024-04-22T10:44:35","slug":"journee-sur-le-sommeil","status":"publish","type":"post","link":"https:\/\/ste-therese-doulon.fr\/?p=12055","title":{"rendered":"Journ\u00e9e sur le sommeil"},"content":{"rendered":"<p>Dans le cadre du projet &#8220;Le mieux \u00eatre \u00e0 l&#8217;\u00e9cole&#8221;, les enfants ont v\u00e9cu une journ\u00e9e sp\u00e9ciale sur le sommeil jeudi 18 avril.<\/p>\n<p>Objectifs: sensibiliser \u00e0 l&#8217;importance du sommeil &#8211; Echanger sur nos pratiques &#8211; Outiller chacun avec des techniques de sophrologie.<\/p>\n<p>Et tout \u00e7a, en pyjama !! Et les doudous \u00e9taient aussi invit\u00e9s.<\/p>\nngg_shortcode_0_placeholder\n","protected":false},"excerpt":{"rendered":"<p>Dans le cadre du projet &#8220;Le mieux \u00eatre \u00e0 l&#8217;\u00e9cole&#8221;, les enfants ont v\u00e9cu une journ\u00e9e sp\u00e9ciale sur le sommeil jeudi 18 avril. Objectifs: sensibiliser \u00e0 l&#8217;importance du sommeil &#8211; Echanger sur nos pratiques &#8211; Outiller chacun avec des techniques de sophrologie. Et tout \u00e7a, en pyjama !! Et les doudous \u00e9taient aussi invit\u00e9s.<\/p>\n","protected":false},"author":14,"featured_media":12133,"comment_status":"closed","ping_status":"closed","sticky":false,"template":"","format":"standard","meta":{"ngg_post_thumbnail":0,"footnotes":""},"categories":[8,9,10,18,7,6,5,4],"tags":[],"class_list":["post-12055","post","type-post","status-publish","format-standard","has-post-thumbnail","hentry","category-ce1","category-ce2","category-cm1","category-cm2","category-cp","category-gs","category-ms","category-ps"],"_links":{"self":[{"href":"https:\/\/ste-therese-doulon.fr\/index.php?rest_route=\/wp\/v2\/posts\/12055","targetHints":{"allow":["GET"]}}],"collection":[{"href":"https:\/\/ste-therese-doulon.fr\/index.php?rest_route=\/wp\/v2\/posts"}],"about":[{"href":"https:\/\/ste-therese-doulon.fr\/index.php?rest_route=\/wp\/v2\/types\/post"}],"author":[{"embeddable":true,"href":"https:\/\/ste-therese-doulon.fr\/index.php?rest_route=\/wp\/v2\/users\/14"}],"replies":[{"embeddable":true,"href":"https:\/\/ste-therese-doulon.fr\/index.php?rest_route=%2Fwp%2Fv2%2Fcomments&post=12055"}],"version-history":[{"count":1,"href":"https:\/\/ste-therese-doulon.fr\/index.php?rest_route=\/wp\/v2\/posts\/12055\/revisions"}],"predecessor-version":[{"id":12134,"href":"https:\/\/ste-therese-doulon.fr\/index.php?rest_route=\/wp\/v2\/posts\/12055\/revisions\/12134"}],"wp:featuredmedia":[{"embeddable":true,"href":"https:\/\/ste-therese-doulon.fr\/index.php?rest_route=\/wp\/v2\/media\/12133"}],"wp:attachment":[{"href":"https:\/\/ste-therese-doulon.fr\/index.php?rest_route=%2Fwp%2Fv2%2Fmedia&parent=12055"}],"wp:term":[{"taxonomy":"category","embeddable":true,"href":"https:\/\/ste-therese-doulon.fr\/index.php?rest_route=%2Fwp%2Fv2%2Fcategories&post=12055"},{"taxonomy":"post_tag","embeddable":true,"href":"https:\/\/ste-therese-doulon.fr\/index.php?rest_route=%2Fwp%2Fv2%2Ftags&post=12055"}],"curies":[{"name":"wp","href":"https:\/\/api.w.org\/{rel}","templated":true}]}}