{"id":10697,"date":"2023-06-08T10:35:29","date_gmt":"2023-06-08T08:35:29","guid":{"rendered":"https:\/\/ste-therese-doulon.fr\/?p=10697"},"modified":"2023-06-08T10:42:03","modified_gmt":"2023-06-08T08:42:03","slug":"la-fete-du-projet-2","status":"publish","type":"post","link":"https:\/\/ste-therese-doulon.fr\/?p=10697","title":{"rendered":"La f\u00eate du projet"},"content":{"rendered":"<p>Samedi 3 juin, c&#8217;\u00e9tait la f\u00eate du projet.<\/p>\n<p>Les enfants ont chant\u00e9 &#8220;Tout rebarbouiller&#8221; et propos\u00e9 des ateliers aux parents autour du th\u00e8me du jardin.<\/p>\n<p>Une tr\u00e8s belle matin\u00e9e sous un magnifique soleil ! Merci \u00e0 tous !<\/p>\nngg_shortcode_0_placeholder\n","protected":false},"excerpt":{"rendered":"<p>Samedi 3 juin, c&#8217;\u00e9tait la f\u00eate du projet. Les enfants ont chant\u00e9 &#8220;Tout rebarbouiller&#8221; et propos\u00e9 des ateliers aux parents autour du th\u00e8me du jardin. Une tr\u00e8s belle matin\u00e9e sous un magnifique soleil ! Merci \u00e0 tous ! &nbsp;<\/p>\n","protected":false},"author":14,"featured_media":10528,"comment_status":"closed","ping_status":"closed","sticky":false,"template":"","format":"standard","meta":{"ngg_post_thumbnail":0,"footnotes":""},"categories":[8,9,10,18,7,6,5,4],"tags":[],"class_list":["post-10697","post","type-post","status-publish","format-standard","has-post-thumbnail","hentry","category-ce1","category-ce2","category-cm1","category-cm2","category-cp","category-gs","category-ms","category-ps"],"_links":{"self":[{"href":"https:\/\/ste-therese-doulon.fr\/index.php?rest_route=\/wp\/v2\/posts\/10697","targetHints":{"allow":["GET"]}}],"collection":[{"href":"https:\/\/ste-therese-doulon.fr\/index.php?rest_route=\/wp\/v2\/posts"}],"about":[{"href":"https:\/\/ste-therese-doulon.fr\/index.php?rest_route=\/wp\/v2\/types\/post"}],"author":[{"embeddable":true,"href":"https:\/\/ste-therese-doulon.fr\/index.php?rest_route=\/wp\/v2\/users\/14"}],"replies":[{"embeddable":true,"href":"https:\/\/ste-therese-doulon.fr\/index.php?rest_route=%2Fwp%2Fv2%2Fcomments&post=10697"}],"version-history":[{"count":1,"href":"https:\/\/ste-therese-doulon.fr\/index.php?rest_route=\/wp\/v2\/posts\/10697\/revisions"}],"predecessor-version":[{"id":10725,"href":"https:\/\/ste-therese-doulon.fr\/index.php?rest_route=\/wp\/v2\/posts\/10697\/revisions\/10725"}],"wp:featuredmedia":[{"embeddable":true,"href":"https:\/\/ste-therese-doulon.fr\/index.php?rest_route=\/wp\/v2\/media\/10528"}],"wp:attachment":[{"href":"https:\/\/ste-therese-doulon.fr\/index.php?rest_route=%2Fwp%2Fv2%2Fmedia&parent=10697"}],"wp:term":[{"taxonomy":"category","embeddable":true,"href":"https:\/\/ste-therese-doulon.fr\/index.php?rest_route=%2Fwp%2Fv2%2Fcategories&post=10697"},{"taxonomy":"post_tag","embeddable":true,"href":"https:\/\/ste-therese-doulon.fr\/index.php?rest_route=%2Fwp%2Fv2%2Ftags&post=10697"}],"curies":[{"name":"wp","href":"https:\/\/api.w.org\/{rel}","templated":true}]}}